{"id":616,"date":"2026-01-07T12:24:59","date_gmt":"2026-01-07T18:24:59","guid":{"rendered":"https:\/\/www.fclibertad.org\/blog\/?p=616"},"modified":"2026-01-09T08:15:35","modified_gmt":"2026-01-09T14:15:35","slug":"proceso-seleccion-programa-liderazgo-juvenil-2026","status":"publish","type":"post","link":"https:\/\/www.fclibertad.org\/blog\/proceso-seleccion-programa-liderazgo-juvenil-2026\/","title":{"rendered":"\u00a1La Fundaci\u00f3n Ciudadelas de Libertad inicia el 2026 con buenas noticias!"},"content":{"rendered":"\n<figure class=\"wp-block-image size-full is-style-default\"><img loading=\"lazy\" decoding=\"async\" width=\"851\" height=\"315\" src=\"https:\/\/www.fclibertad.org\/blog\/wp-content\/uploads\/2026\/01\/COMUNIDADO-Portada-de-Facebook-1.png\" alt=\"\" class=\"wp-image-617\" srcset=\"https:\/\/www.fclibertad.org\/blog\/wp-content\/uploads\/2026\/01\/COMUNIDADO-Portada-de-Facebook-1.png 851w, https:\/\/www.fclibertad.org\/blog\/wp-content\/uploads\/2026\/01\/COMUNIDADO-Portada-de-Facebook-1-300x111.png 300w, https:\/\/www.fclibertad.org\/blog\/wp-content\/uploads\/2026\/01\/COMUNIDADO-Portada-de-Facebook-1-768x284.png 768w\" sizes=\"auto, (max-width: 851px) 100vw, 851px\" \/><\/figure>\n\n\n\n<hr class=\"wp-block-separator has-alpha-channel-opacity\"\/>\n\n\n\n<p>La Fundaci\u00f3n Ciudadelas de Libertad inicia este 2026 con muy buenas noticias para nuestra comunidad sobre el <a href=\"https:\/\/fclibertad.org\/cierre-proceso-de-seleccion-2026\/\">proceso de selecci\u00f3n <\/a>, cuya siguiente etapa ser\u00e1 la entrevista de aspirantes preseleccionados. <\/p>\n\n\n\n<p>A quienes est\u00e1n participando y se postularon al Programa de Liderazgo Juvenil, por favor, <strong>revisen el correo electr\u00f3nico<\/strong> que registraron en su formulario para conocer el estado de su solicitud. Las entrevistas de las personas preseleccionadas se realizar\u00e1n en la semana del 12 al 17 de enero del 2026 y es indispensable presentar su <strong>documento de Identidad<\/strong>. \ud83e\udeaa<\/p>\n\n\n\n<p>Por su seguridad, recordamos que en el marco de sus procesos de selecci\u00f3n,<strong> <strong>la Fundaci\u00f3n Ciudadelas de Libertad NUNCA<\/strong> solicita dinero, pagos, claves, contrase\u00f1as, ni informaci\u00f3n bancaria de ning\u00fan tipo.<\/strong> Toda comunicaci\u00f3n se realiza por nuestros canales oficiales:<br>Correos elctr\u00f3nicos: rpicado@fclibertad.org \/ kgarro@fclibertad.org<br>WhatsApp: 7226 5781 \/ 7167 2453<br>Tel\u00e9fonos: 2250 1540 \/ 2259 7474<\/p>\n\n\n\n<p>Si desea aclarar dudas sobre su solicitud, puede escribir directamente a <strong>rpicado@fclibertad.org<\/strong>. \ud83d\udce7<\/p>\n\n\n\n<p><\/p>\n","protected":false},"excerpt":{"rendered":"<p>La Fundaci\u00f3n Ciudadelas de Libertad inicia este 2026 con muy buenas noticias para nuestra comunidad sobre el proceso de selecci\u00f3n , cuya siguiente etapa ser\u00e1 la entrevista de aspirantes preseleccionados. A quienes est\u00e1n participando y se postularon al Programa de Liderazgo Juvenil, por favor, revisen el correo electr\u00f3nico que registraron en su formulario para conocer [&hellip;]<\/p>\n","protected":false},"author":1,"featured_media":618,"comment_status":"open","ping_status":"open","sticky":false,"template":"","format":"standard","meta":{"footnotes":""},"categories":[12],"tags":[],"class_list":["post-616","post","type-post","status-publish","format-standard","has-post-thumbnail","hentry","category-comunicados"],"yoast_head":"<!-- This site is optimized with the Yoast SEO plugin v25.1 - https:\/\/yoast.com\/wordpress\/plugins\/seo\/ -->\n<title>\u00a1La Fundaci\u00f3n Ciudadelas de Libertad inicia el 2026 con buenas noticias! - %<\/title>\n<meta name=\"description\" content=\"La Fundaci\u00f3n Ciudadelas de Libertad contin\u00faa con el proceso de selecci\u00f3n 2026 del Programa de Liderazgo Juvenil. \u00a1Revis\u00e1 tu correo y preparate para las entrevistas!\" \/>\n<meta name=\"robots\" content=\"index, follow, max-snippet:-1, max-image-preview:large, max-video-preview:-1\" \/>\n<link rel=\"canonical\" href=\"https:\/\/www.fclibertad.org\/blog\/proceso-seleccion-programa-liderazgo-juvenil-2026\/\" \/>\n<meta property=\"og:locale\" content=\"es_ES\" \/>\n<meta property=\"og:type\" content=\"article\" \/>\n<meta property=\"og:title\" content=\"\u00a1La Fundaci\u00f3n Ciudadelas de Libertad inicia el 2026 con buenas noticias! - %\" \/>\n<meta property=\"og:description\" content=\"La Fundaci\u00f3n Ciudadelas de Libertad contin\u00faa con el proceso de selecci\u00f3n 2026 del Programa de Liderazgo Juvenil. \u00a1Revis\u00e1 tu correo y preparate para las entrevistas!\" \/>\n<meta property=\"og:url\" content=\"https:\/\/www.fclibertad.org\/blog\/proceso-seleccion-programa-liderazgo-juvenil-2026\/\" \/>\n<meta property=\"article:published_time\" content=\"2026-01-07T18:24:59+00:00\" \/>\n<meta property=\"article:modified_time\" content=\"2026-01-09T14:15:35+00:00\" \/>\n<meta property=\"og:image\" content=\"https:\/\/www.fclibertad.org\/blog\/wp-content\/uploads\/2026\/01\/COMUNIDADO-Portada-de-Facebook.png\" \/>\n\t<meta property=\"og:image:width\" content=\"851\" \/>\n\t<meta property=\"og:image:height\" content=\"315\" \/>\n\t<meta property=\"og:image:type\" content=\"image\/png\" \/>\n<meta name=\"author\" content=\"blogadmin\" \/>\n<meta name=\"twitter:card\" content=\"summary_large_image\" \/>\n<meta name=\"twitter:label1\" content=\"Written by\" \/>\n\t<meta name=\"twitter:data1\" content=\"blogadmin\" \/>\n\t<meta name=\"twitter:label2\" content=\"Est. reading time\" \/>\n\t<meta name=\"twitter:data2\" content=\"2 minutos\" \/>\n<script type=\"application\/ld+json\" class=\"yoast-schema-graph\">{\"@context\":\"https:\/\/schema.org\",\"@graph\":[{\"@type\":\"WebPage\",\"@id\":\"https:\/\/www.fclibertad.org\/blog\/proceso-seleccion-programa-liderazgo-juvenil-2026\/\",\"url\":\"https:\/\/www.fclibertad.org\/blog\/proceso-seleccion-programa-liderazgo-juvenil-2026\/\",\"name\":\"\u00a1La Fundaci\u00f3n Ciudadelas de Libertad inicia el 2026 con buenas noticias! - %\",\"isPartOf\":{\"@id\":\"https:\/\/www.fclibertad.org\/blog\/#website\"},\"primaryImageOfPage\":{\"@id\":\"https:\/\/www.fclibertad.org\/blog\/proceso-seleccion-programa-liderazgo-juvenil-2026\/#primaryimage\"},\"image\":{\"@id\":\"https:\/\/www.fclibertad.org\/blog\/proceso-seleccion-programa-liderazgo-juvenil-2026\/#primaryimage\"},\"thumbnailUrl\":\"https:\/\/www.fclibertad.org\/blog\/wp-content\/uploads\/2026\/01\/COMUNIDADO-Portada-de-Facebook.png\",\"datePublished\":\"2026-01-07T18:24:59+00:00\",\"dateModified\":\"2026-01-09T14:15:35+00:00\",\"author\":{\"@id\":\"https:\/\/www.fclibertad.org\/blog\/#\/schema\/person\/e1321423cc1df7a2094c4ee5ebc7e341\"},\"description\":\"La Fundaci\u00f3n Ciudadelas de Libertad contin\u00faa con el proceso de selecci\u00f3n 2026 del Programa de Liderazgo Juvenil. \u00a1Revis\u00e1 tu correo y preparate para las entrevistas!\",\"breadcrumb\":{\"@id\":\"https:\/\/www.fclibertad.org\/blog\/proceso-seleccion-programa-liderazgo-juvenil-2026\/#breadcrumb\"},\"inLanguage\":\"es-CR\",\"potentialAction\":[{\"@type\":\"ReadAction\",\"target\":[\"https:\/\/www.fclibertad.org\/blog\/proceso-seleccion-programa-liderazgo-juvenil-2026\/\"]}]},{\"@type\":\"ImageObject\",\"inLanguage\":\"es-CR\",\"@id\":\"https:\/\/www.fclibertad.org\/blog\/proceso-seleccion-programa-liderazgo-juvenil-2026\/#primaryimage\",\"url\":\"https:\/\/www.fclibertad.org\/blog\/wp-content\/uploads\/2026\/01\/COMUNIDADO-Portada-de-Facebook.png\",\"contentUrl\":\"https:\/\/www.fclibertad.org\/blog\/wp-content\/uploads\/2026\/01\/COMUNIDADO-Portada-de-Facebook.png\",\"width\":851,\"height\":315},{\"@type\":\"BreadcrumbList\",\"@id\":\"https:\/\/www.fclibertad.org\/blog\/proceso-seleccion-programa-liderazgo-juvenil-2026\/#breadcrumb\",\"itemListElement\":[{\"@type\":\"ListItem\",\"position\":1,\"name\":\"Portada\",\"item\":\"https:\/\/www.fclibertad.org\/blog\/\"},{\"@type\":\"ListItem\",\"position\":2,\"name\":\"\u00a1La Fundaci\u00f3n Ciudadelas de Libertad inicia el 2026 con buenas noticias!\"}]},{\"@type\":\"WebSite\",\"@id\":\"https:\/\/www.fclibertad.org\/blog\/#website\",\"url\":\"https:\/\/www.fclibertad.org\/blog\/\",\"name\":\"\",\"description\":\"Un blog de la Fundaci\u00f3n Ciudadelas de Libertad\",\"potentialAction\":[{\"@type\":\"SearchAction\",\"target\":{\"@type\":\"EntryPoint\",\"urlTemplate\":\"https:\/\/www.fclibertad.org\/blog\/?s={search_term_string}\"},\"query-input\":{\"@type\":\"PropertyValueSpecification\",\"valueRequired\":true,\"valueName\":\"search_term_string\"}}],\"inLanguage\":\"es-CR\"},{\"@type\":\"Person\",\"@id\":\"https:\/\/www.fclibertad.org\/blog\/#\/schema\/person\/e1321423cc1df7a2094c4ee5ebc7e341\",\"name\":\"blogadmin\",\"image\":{\"@type\":\"ImageObject\",\"inLanguage\":\"es-CR\",\"@id\":\"https:\/\/www.fclibertad.org\/blog\/#\/schema\/person\/image\/\",\"url\":\"https:\/\/secure.gravatar.com\/avatar\/65e574b4dd1288f00ef732a7eb164f0ccbd445cf372db8a635d03d8b14029c0b?s=96&d=mm&r=g\",\"contentUrl\":\"https:\/\/secure.gravatar.com\/avatar\/65e574b4dd1288f00ef732a7eb164f0ccbd445cf372db8a635d03d8b14029c0b?s=96&d=mm&r=g\",\"caption\":\"blogadmin\"},\"sameAs\":[\"https:\/\/www.fclibertad.org\/blog\"],\"url\":\"https:\/\/www.fclibertad.org\/blog\/author\/blogadmin\/\"}]}<\/script>\n<!-- \/ Yoast SEO plugin. -->","yoast_head_json":{"title":"\u00a1La Fundaci\u00f3n Ciudadelas de Libertad inicia el 2026 con buenas noticias! - %","description":"La Fundaci\u00f3n Ciudadelas de Libertad contin\u00faa con el proceso de selecci\u00f3n 2026 del Programa de Liderazgo Juvenil. \u00a1Revis\u00e1 tu correo y preparate para las entrevistas!","robots":{"index":"index","follow":"follow","max-snippet":"max-snippet:-1","max-image-preview":"max-image-preview:large","max-video-preview":"max-video-preview:-1"},"canonical":"https:\/\/www.fclibertad.org\/blog\/proceso-seleccion-programa-liderazgo-juvenil-2026\/","og_locale":"es_ES","og_type":"article","og_title":"\u00a1La Fundaci\u00f3n Ciudadelas de Libertad inicia el 2026 con buenas noticias! - %","og_description":"La Fundaci\u00f3n Ciudadelas de Libertad contin\u00faa con el proceso de selecci\u00f3n 2026 del Programa de Liderazgo Juvenil. \u00a1Revis\u00e1 tu correo y preparate para las entrevistas!","og_url":"https:\/\/www.fclibertad.org\/blog\/proceso-seleccion-programa-liderazgo-juvenil-2026\/","article_published_time":"2026-01-07T18:24:59+00:00","article_modified_time":"2026-01-09T14:15:35+00:00","og_image":[{"width":851,"height":315,"url":"https:\/\/www.fclibertad.org\/blog\/wp-content\/uploads\/2026\/01\/COMUNIDADO-Portada-de-Facebook.png","type":"image\/png"}],"author":"blogadmin","twitter_card":"summary_large_image","twitter_misc":{"Written by":"blogadmin","Est. reading time":"2 minutos"},"schema":{"@context":"https:\/\/schema.org","@graph":[{"@type":"WebPage","@id":"https:\/\/www.fclibertad.org\/blog\/proceso-seleccion-programa-liderazgo-juvenil-2026\/","url":"https:\/\/www.fclibertad.org\/blog\/proceso-seleccion-programa-liderazgo-juvenil-2026\/","name":"\u00a1La Fundaci\u00f3n Ciudadelas de Libertad inicia el 2026 con buenas noticias! - %","isPartOf":{"@id":"https:\/\/www.fclibertad.org\/blog\/#website"},"primaryImageOfPage":{"@id":"https:\/\/www.fclibertad.org\/blog\/proceso-seleccion-programa-liderazgo-juvenil-2026\/#primaryimage"},"image":{"@id":"https:\/\/www.fclibertad.org\/blog\/proceso-seleccion-programa-liderazgo-juvenil-2026\/#primaryimage"},"thumbnailUrl":"https:\/\/www.fclibertad.org\/blog\/wp-content\/uploads\/2026\/01\/COMUNIDADO-Portada-de-Facebook.png","datePublished":"2026-01-07T18:24:59+00:00","dateModified":"2026-01-09T14:15:35+00:00","author":{"@id":"https:\/\/www.fclibertad.org\/blog\/#\/schema\/person\/e1321423cc1df7a2094c4ee5ebc7e341"},"description":"La Fundaci\u00f3n Ciudadelas de Libertad contin\u00faa con el proceso de selecci\u00f3n 2026 del Programa de Liderazgo Juvenil. \u00a1Revis\u00e1 tu correo y preparate para las entrevistas!","breadcrumb":{"@id":"https:\/\/www.fclibertad.org\/blog\/proceso-seleccion-programa-liderazgo-juvenil-2026\/#breadcrumb"},"inLanguage":"es-CR","potentialAction":[{"@type":"ReadAction","target":["https:\/\/www.fclibertad.org\/blog\/proceso-seleccion-programa-liderazgo-juvenil-2026\/"]}]},{"@type":"ImageObject","inLanguage":"es-CR","@id":"https:\/\/www.fclibertad.org\/blog\/proceso-seleccion-programa-liderazgo-juvenil-2026\/#primaryimage","url":"https:\/\/www.fclibertad.org\/blog\/wp-content\/uploads\/2026\/01\/COMUNIDADO-Portada-de-Facebook.png","contentUrl":"https:\/\/www.fclibertad.org\/blog\/wp-content\/uploads\/2026\/01\/COMUNIDADO-Portada-de-Facebook.png","width":851,"height":315},{"@type":"BreadcrumbList","@id":"https:\/\/www.fclibertad.org\/blog\/proceso-seleccion-programa-liderazgo-juvenil-2026\/#breadcrumb","itemListElement":[{"@type":"ListItem","position":1,"name":"Portada","item":"https:\/\/www.fclibertad.org\/blog\/"},{"@type":"ListItem","position":2,"name":"\u00a1La Fundaci\u00f3n Ciudadelas de Libertad inicia el 2026 con buenas noticias!"}]},{"@type":"WebSite","@id":"https:\/\/www.fclibertad.org\/blog\/#website","url":"https:\/\/www.fclibertad.org\/blog\/","name":"","description":"Un blog de la Fundaci\u00f3n Ciudadelas de Libertad","potentialAction":[{"@type":"SearchAction","target":{"@type":"EntryPoint","urlTemplate":"https:\/\/www.fclibertad.org\/blog\/?s={search_term_string}"},"query-input":{"@type":"PropertyValueSpecification","valueRequired":true,"valueName":"search_term_string"}}],"inLanguage":"es-CR"},{"@type":"Person","@id":"https:\/\/www.fclibertad.org\/blog\/#\/schema\/person\/e1321423cc1df7a2094c4ee5ebc7e341","name":"blogadmin","image":{"@type":"ImageObject","inLanguage":"es-CR","@id":"https:\/\/www.fclibertad.org\/blog\/#\/schema\/person\/image\/","url":"https:\/\/secure.gravatar.com\/avatar\/65e574b4dd1288f00ef732a7eb164f0ccbd445cf372db8a635d03d8b14029c0b?s=96&d=mm&r=g","contentUrl":"https:\/\/secure.gravatar.com\/avatar\/65e574b4dd1288f00ef732a7eb164f0ccbd445cf372db8a635d03d8b14029c0b?s=96&d=mm&r=g","caption":"blogadmin"},"sameAs":["https:\/\/www.fclibertad.org\/blog"],"url":"https:\/\/www.fclibertad.org\/blog\/author\/blogadmin\/"}]}},"_links":{"self":[{"href":"https:\/\/www.fclibertad.org\/blog\/wp-json\/wp\/v2\/posts\/616","targetHints":{"allow":["GET"]}}],"collection":[{"href":"https:\/\/www.fclibertad.org\/blog\/wp-json\/wp\/v2\/posts"}],"about":[{"href":"https:\/\/www.fclibertad.org\/blog\/wp-json\/wp\/v2\/types\/post"}],"author":[{"embeddable":true,"href":"https:\/\/www.fclibertad.org\/blog\/wp-json\/wp\/v2\/users\/1"}],"replies":[{"embeddable":true,"href":"https:\/\/www.fclibertad.org\/blog\/wp-json\/wp\/v2\/comments?post=616"}],"version-history":[{"count":5,"href":"https:\/\/www.fclibertad.org\/blog\/wp-json\/wp\/v2\/posts\/616\/revisions"}],"predecessor-version":[{"id":625,"href":"https:\/\/www.fclibertad.org\/blog\/wp-json\/wp\/v2\/posts\/616\/revisions\/625"}],"wp:featuredmedia":[{"embeddable":true,"href":"https:\/\/www.fclibertad.org\/blog\/wp-json\/wp\/v2\/media\/618"}],"wp:attachment":[{"href":"https:\/\/www.fclibertad.org\/blog\/wp-json\/wp\/v2\/media?parent=616"}],"wp:term":[{"taxonomy":"category","embeddable":true,"href":"https:\/\/www.fclibertad.org\/blog\/wp-json\/wp\/v2\/categories?post=616"},{"taxonomy":"post_tag","embeddable":true,"href":"https:\/\/www.fclibertad.org\/blog\/wp-json\/wp\/v2\/tags?post=616"}],"curies":[{"name":"wp","href":"https:\/\/api.w.org\/{rel}","templated":true}]}}