{"id":510,"date":"2025-05-09T18:02:54","date_gmt":"2025-05-10T00:02:54","guid":{"rendered":"https:\/\/www.fclibertad.org\/blog\/?p=510"},"modified":"2025-05-09T18:18:45","modified_gmt":"2025-05-10T00:18:45","slug":"convivencia-plj-2025-senderos-con-sentido","status":"publish","type":"post","link":"https:\/\/www.fclibertad.org\/blog\/convivencia-plj-2025-senderos-con-sentido\/","title":{"rendered":"Senderos con Sentido: Una Convivencia para Crecer Juntos"},"content":{"rendered":"\n<p>El pasado <strong>26 de abril de 2025<\/strong>, la Fundaci\u00f3n Ciudadelas de Libertad (FCL) celebr\u00f3 la convivencia <strong>\u201cSenderos con Sentido\u201d<\/strong>, reuniendo a <strong>64 j\u00f3venes del Programa de Liderazgo Juvenil (PLJ)<\/strong> en una jornada outdoor para reflexionar, conectar y fortalecer su compromiso social.<\/p>\n\n\n\n<p>En un entorno natural y acompa\u00f1ado de actividades l\u00fadicas y formativas, el evento logr\u00f3 los siguientes objetivos:<\/p>\n\n\n\n<ul class=\"wp-block-list\">\n<li><strong>Desarrollar liderazgo personal<\/strong>, mediante una charla sobre sentido de vida y din\u00e1micas experienciales.<\/li>\n\n\n\n<li><strong>Fortalecer el v\u00ednculo con la Fundaci\u00f3n<\/strong>, en el marco de su 51\u00b0 aniversario.<\/li>\n\n\n\n<li><strong>Promover la recreaci\u00f3n y el bienestar<\/strong>, tras varios a\u00f1os sin actividades al aire libre.<\/li>\n\n\n\n<li><strong>Explicar el primer informe de proyectos sociales<\/strong> que se implementar\u00e1n en mayo.<\/li>\n<\/ul>\n\n\n\n<p>Con el apoyo del equipo FCL (Karen, Ale, Franciny), el director Eric y los voluntarios Keylor Arley y G\u00e9nesis Herrera, se vivi\u00f3 una jornada que dej\u00f3 huella en cada participante.<\/p>\n\n\n\n<figure class=\"wp-block-gallery has-nested-images columns-default is-cropped wp-block-gallery-1 is-layout-flex wp-block-gallery-is-layout-flex\">\n<figure class=\"wp-block-image size-large\"><img loading=\"lazy\" decoding=\"async\" width=\"1024\" height=\"683\" data-id=\"572\" src=\"https:\/\/www.fclibertad.org\/blog\/wp-content\/uploads\/2025\/05\/DSC_0155-1-1024x683.jpg\" alt=\"\" class=\"wp-image-572\" srcset=\"https:\/\/www.fclibertad.org\/blog\/wp-content\/uploads\/2025\/05\/DSC_0155-1-1024x683.jpg 1024w, https:\/\/www.fclibertad.org\/blog\/wp-content\/uploads\/2025\/05\/DSC_0155-1-300x200.jpg 300w, https:\/\/www.fclibertad.org\/blog\/wp-content\/uploads\/2025\/05\/DSC_0155-1-768x512.jpg 768w, https:\/\/www.fclibertad.org\/blog\/wp-content\/uploads\/2025\/05\/DSC_0155-1-1536x1024.jpg 1536w, https:\/\/www.fclibertad.org\/blog\/wp-content\/uploads\/2025\/05\/DSC_0155-1-2048x1365.jpg 2048w\" sizes=\"auto, (max-width: 1024px) 100vw, 1024px\" \/><\/figure>\n\n\n\n<figure class=\"wp-block-image size-large\"><img loading=\"lazy\" decoding=\"async\" width=\"1024\" height=\"683\" data-id=\"574\" src=\"https:\/\/www.fclibertad.org\/blog\/wp-content\/uploads\/2025\/05\/DSC_0148-1-1024x683.jpg\" alt=\"\" class=\"wp-image-574\" srcset=\"https:\/\/www.fclibertad.org\/blog\/wp-content\/uploads\/2025\/05\/DSC_0148-1-1024x683.jpg 1024w, https:\/\/www.fclibertad.org\/blog\/wp-content\/uploads\/2025\/05\/DSC_0148-1-300x200.jpg 300w, https:\/\/www.fclibertad.org\/blog\/wp-content\/uploads\/2025\/05\/DSC_0148-1-768x512.jpg 768w, https:\/\/www.fclibertad.org\/blog\/wp-content\/uploads\/2025\/05\/DSC_0148-1-1536x1024.jpg 1536w, https:\/\/www.fclibertad.org\/blog\/wp-content\/uploads\/2025\/05\/DSC_0148-1-2048x1365.jpg 2048w\" sizes=\"auto, (max-width: 1024px) 100vw, 1024px\" \/><\/figure>\n\n\n\n<figure class=\"wp-block-image size-large\"><img loading=\"lazy\" decoding=\"async\" width=\"1024\" height=\"683\" data-id=\"571\" src=\"https:\/\/www.fclibertad.org\/blog\/wp-content\/uploads\/2025\/05\/DSC_0129-3-1024x683.jpg\" alt=\"\" class=\"wp-image-571\" srcset=\"https:\/\/www.fclibertad.org\/blog\/wp-content\/uploads\/2025\/05\/DSC_0129-3-1024x683.jpg 1024w, https:\/\/www.fclibertad.org\/blog\/wp-content\/uploads\/2025\/05\/DSC_0129-3-300x200.jpg 300w, https:\/\/www.fclibertad.org\/blog\/wp-content\/uploads\/2025\/05\/DSC_0129-3-768x512.jpg 768w, https:\/\/www.fclibertad.org\/blog\/wp-content\/uploads\/2025\/05\/DSC_0129-3-1536x1024.jpg 1536w, https:\/\/www.fclibertad.org\/blog\/wp-content\/uploads\/2025\/05\/DSC_0129-3-2048x1365.jpg 2048w\" sizes=\"auto, (max-width: 1024px) 100vw, 1024px\" \/><\/figure>\n\n\n\n<figure class=\"wp-block-image size-large\"><img loading=\"lazy\" decoding=\"async\" width=\"1024\" height=\"683\" data-id=\"573\" src=\"https:\/\/www.fclibertad.org\/blog\/wp-content\/uploads\/2025\/05\/DSC_0126-1-1024x683.jpg\" alt=\"\" class=\"wp-image-573\" srcset=\"https:\/\/www.fclibertad.org\/blog\/wp-content\/uploads\/2025\/05\/DSC_0126-1-1024x683.jpg 1024w, https:\/\/www.fclibertad.org\/blog\/wp-content\/uploads\/2025\/05\/DSC_0126-1-300x200.jpg 300w, https:\/\/www.fclibertad.org\/blog\/wp-content\/uploads\/2025\/05\/DSC_0126-1-768x512.jpg 768w, https:\/\/www.fclibertad.org\/blog\/wp-content\/uploads\/2025\/05\/DSC_0126-1-1536x1024.jpg 1536w, https:\/\/www.fclibertad.org\/blog\/wp-content\/uploads\/2025\/05\/DSC_0126-1-2048x1365.jpg 2048w\" sizes=\"auto, (max-width: 1024px) 100vw, 1024px\" \/><\/figure>\n\n\n\n<figure class=\"wp-block-image size-large\"><img loading=\"lazy\" decoding=\"async\" width=\"1707\" height=\"2560\" data-id=\"582\" src=\"https:\/\/www.fclibertad.org\/blog\/wp-content\/uploads\/2025\/05\/DSC_0095-edited-scaled.jpg\" alt=\"\" class=\"wp-image-582\" srcset=\"https:\/\/www.fclibertad.org\/blog\/wp-content\/uploads\/2025\/05\/DSC_0095-edited-scaled.jpg 1707w, https:\/\/www.fclibertad.org\/blog\/wp-content\/uploads\/2025\/05\/DSC_0095-edited-200x300.jpg 200w, https:\/\/www.fclibertad.org\/blog\/wp-content\/uploads\/2025\/05\/DSC_0095-edited-683x1024.jpg 683w, https:\/\/www.fclibertad.org\/blog\/wp-content\/uploads\/2025\/05\/DSC_0095-edited-768x1152.jpg 768w, https:\/\/www.fclibertad.org\/blog\/wp-content\/uploads\/2025\/05\/DSC_0095-edited-1024x1536.jpg 1024w, https:\/\/www.fclibertad.org\/blog\/wp-content\/uploads\/2025\/05\/DSC_0095-edited-1365x2048.jpg 1365w\" sizes=\"auto, (max-width: 1707px) 100vw, 1707px\" \/><\/figure>\n\n\n\n<figure class=\"wp-block-image size-large\"><img loading=\"lazy\" decoding=\"async\" width=\"1024\" height=\"683\" data-id=\"576\" src=\"https:\/\/www.fclibertad.org\/blog\/wp-content\/uploads\/2025\/05\/DSC_0087-1-1024x683.jpg\" alt=\"\" class=\"wp-image-576\" srcset=\"https:\/\/www.fclibertad.org\/blog\/wp-content\/uploads\/2025\/05\/DSC_0087-1-1024x683.jpg 1024w, https:\/\/www.fclibertad.org\/blog\/wp-content\/uploads\/2025\/05\/DSC_0087-1-300x200.jpg 300w, https:\/\/www.fclibertad.org\/blog\/wp-content\/uploads\/2025\/05\/DSC_0087-1-768x512.jpg 768w, https:\/\/www.fclibertad.org\/blog\/wp-content\/uploads\/2025\/05\/DSC_0087-1-1536x1024.jpg 1536w, https:\/\/www.fclibertad.org\/blog\/wp-content\/uploads\/2025\/05\/DSC_0087-1-2048x1365.jpg 2048w\" sizes=\"auto, (max-width: 1024px) 100vw, 1024px\" \/><\/figure>\n\n\n\n<figure class=\"wp-block-image size-large\"><img loading=\"lazy\" decoding=\"async\" width=\"1024\" height=\"683\" data-id=\"578\" src=\"https:\/\/www.fclibertad.org\/blog\/wp-content\/uploads\/2025\/05\/DSC_0085-8-1024x683.jpg\" alt=\"\" class=\"wp-image-578\" srcset=\"https:\/\/www.fclibertad.org\/blog\/wp-content\/uploads\/2025\/05\/DSC_0085-8-1024x683.jpg 1024w, https:\/\/www.fclibertad.org\/blog\/wp-content\/uploads\/2025\/05\/DSC_0085-8-300x200.jpg 300w, https:\/\/www.fclibertad.org\/blog\/wp-content\/uploads\/2025\/05\/DSC_0085-8-768x512.jpg 768w, https:\/\/www.fclibertad.org\/blog\/wp-content\/uploads\/2025\/05\/DSC_0085-8-1536x1024.jpg 1536w, https:\/\/www.fclibertad.org\/blog\/wp-content\/uploads\/2025\/05\/DSC_0085-8-2048x1365.jpg 2048w\" sizes=\"auto, (max-width: 1024px) 100vw, 1024px\" \/><\/figure>\n\n\n\n<figure class=\"wp-block-image size-large\"><img loading=\"lazy\" decoding=\"async\" width=\"1024\" height=\"683\" data-id=\"577\" src=\"https:\/\/www.fclibertad.org\/blog\/wp-content\/uploads\/2025\/05\/DSC_0072-8-1024x683.jpg\" alt=\"\" class=\"wp-image-577\" srcset=\"https:\/\/www.fclibertad.org\/blog\/wp-content\/uploads\/2025\/05\/DSC_0072-8-1024x683.jpg 1024w, https:\/\/www.fclibertad.org\/blog\/wp-content\/uploads\/2025\/05\/DSC_0072-8-300x200.jpg 300w, https:\/\/www.fclibertad.org\/blog\/wp-content\/uploads\/2025\/05\/DSC_0072-8-768x512.jpg 768w, https:\/\/www.fclibertad.org\/blog\/wp-content\/uploads\/2025\/05\/DSC_0072-8-1536x1024.jpg 1536w, https:\/\/www.fclibertad.org\/blog\/wp-content\/uploads\/2025\/05\/DSC_0072-8-2048x1365.jpg 2048w\" sizes=\"auto, (max-width: 1024px) 100vw, 1024px\" \/><\/figure>\n\n\n\n<figure class=\"wp-block-image size-large\"><img loading=\"lazy\" decoding=\"async\" width=\"1024\" height=\"683\" data-id=\"579\" src=\"https:\/\/www.fclibertad.org\/blog\/wp-content\/uploads\/2025\/05\/DSC_0065-12-1024x683.jpg\" alt=\"\" class=\"wp-image-579\" srcset=\"https:\/\/www.fclibertad.org\/blog\/wp-content\/uploads\/2025\/05\/DSC_0065-12-1024x683.jpg 1024w, https:\/\/www.fclibertad.org\/blog\/wp-content\/uploads\/2025\/05\/DSC_0065-12-300x200.jpg 300w, https:\/\/www.fclibertad.org\/blog\/wp-content\/uploads\/2025\/05\/DSC_0065-12-768x512.jpg 768w, https:\/\/www.fclibertad.org\/blog\/wp-content\/uploads\/2025\/05\/DSC_0065-12-1536x1024.jpg 1536w, https:\/\/www.fclibertad.org\/blog\/wp-content\/uploads\/2025\/05\/DSC_0065-12-2048x1365.jpg 2048w\" sizes=\"auto, (max-width: 1024px) 100vw, 1024px\" \/><\/figure>\n\n\n\n<figure class=\"wp-block-image size-large\"><img loading=\"lazy\" decoding=\"async\" width=\"1024\" height=\"683\" data-id=\"580\" src=\"https:\/\/www.fclibertad.org\/blog\/wp-content\/uploads\/2025\/05\/DSC_0056-12-1024x683.jpg\" alt=\"\" class=\"wp-image-580\" srcset=\"https:\/\/www.fclibertad.org\/blog\/wp-content\/uploads\/2025\/05\/DSC_0056-12-1024x683.jpg 1024w, https:\/\/www.fclibertad.org\/blog\/wp-content\/uploads\/2025\/05\/DSC_0056-12-300x200.jpg 300w, https:\/\/www.fclibertad.org\/blog\/wp-content\/uploads\/2025\/05\/DSC_0056-12-768x512.jpg 768w, https:\/\/www.fclibertad.org\/blog\/wp-content\/uploads\/2025\/05\/DSC_0056-12-1536x1024.jpg 1536w, https:\/\/www.fclibertad.org\/blog\/wp-content\/uploads\/2025\/05\/DSC_0056-12-2048x1365.jpg 2048w\" sizes=\"auto, (max-width: 1024px) 100vw, 1024px\" \/><\/figure>\n\n\n\n<figure class=\"wp-block-image size-large\"><img loading=\"lazy\" decoding=\"async\" width=\"1024\" height=\"683\" data-id=\"581\" src=\"https:\/\/www.fclibertad.org\/blog\/wp-content\/uploads\/2025\/05\/DSC_0052-12-1024x683.jpg\" alt=\"\" class=\"wp-image-581\" srcset=\"https:\/\/www.fclibertad.org\/blog\/wp-content\/uploads\/2025\/05\/DSC_0052-12-1024x683.jpg 1024w, https:\/\/www.fclibertad.org\/blog\/wp-content\/uploads\/2025\/05\/DSC_0052-12-300x200.jpg 300w, https:\/\/www.fclibertad.org\/blog\/wp-content\/uploads\/2025\/05\/DSC_0052-12-768x512.jpg 768w, https:\/\/www.fclibertad.org\/blog\/wp-content\/uploads\/2025\/05\/DSC_0052-12-1536x1024.jpg 1536w, https:\/\/www.fclibertad.org\/blog\/wp-content\/uploads\/2025\/05\/DSC_0052-12-2048x1365.jpg 2048w\" sizes=\"auto, (max-width: 1024px) 100vw, 1024px\" \/><\/figure>\n<\/figure>\n\n\n\n<div class=\"wp-block-group\"><div class=\"wp-block-group__inner-container is-layout-constrained wp-block-group-is-layout-constrained\">\n<div class=\"wp-block-group\"><div class=\"wp-block-group__inner-container is-layout-constrained wp-block-group-is-layout-constrained\">\n<h2 class=\"wp-block-heading\"><strong>Voces que inspiran<\/strong><\/h2>\n<\/div><\/div>\n<\/div><\/div>\n\n\n\n<blockquote class=\"wp-block-quote is-layout-flow wp-block-quote-is-layout-flow\">\n<p><em>\u201cLa actividad me pareci\u00f3 espectacular. Fue muy enriquecedora para mi crecimiento personal.\u201d<\/em><\/p>\n<\/blockquote>\n\n\n\n<blockquote class=\"wp-block-quote is-layout-flow wp-block-quote-is-layout-flow\">\n<p><em>\u201cRecord\u00e9 la importancia de seguir mis sue\u00f1os y lo dif\u00edcil que es caminar solo. Necesitamos apoyarnos.\u201d<\/em><\/p>\n<\/blockquote>\n\n\n\n<h2 class=\"wp-block-heading\"><strong>Participaci\u00f3n y balance<\/strong><\/h2>\n\n\n\n<ul class=\"wp-block-list\">\n<li>Poblaci\u00f3n total: <strong>69<\/strong><\/li>\n\n\n\n<li>Asistentes: <strong>64<\/strong><\/li>\n\n\n\n<li>Ausencias justificadas: <strong>3 (por enfermedad)<\/strong><\/li>\n\n\n\n<li>Inasistencias injustificadas: <strong>2 (IMM)<\/strong><\/li>\n<\/ul>\n\n\n\n<p>\u201cSenderos con Sentido\u201d fue una experiencia transformadora que reafirm\u00f3 el prop\u00f3sito del PLJ: <strong>formar l\u00edderes comprometidos con sus comunidades<\/strong>. En el siguiente video se puede ver un poco de la experiencia vivida:<\/p>\n\n\n\n<figure class=\"wp-block-video\"><video controls src=\"https:\/\/www.fclibertad.org\/blog\/wp-content\/uploads\/2025\/05\/Nos-fuimos-cruzamos-el-parque-de-Desmparados-2.mp4\"><\/video><\/figure>\n\n\n\n<p>Podr\u00e1s ver la parte 2 pronto en las redes sociales de la Fundaci\u00f3n.<\/p>\n","protected":false},"excerpt":{"rendered":"<p>El pasado 26 de abril de 2025, la Fundaci\u00f3n Ciudadelas de Libertad (FCL) celebr\u00f3 la convivencia \u201cSenderos con Sentido\u201d, reuniendo a 64 j\u00f3venes del Programa de Liderazgo Juvenil (PLJ) en una jornada outdoor para reflexionar, conectar y fortalecer su compromiso social. En un entorno natural y acompa\u00f1ado de actividades l\u00fadicas y formativas, el evento logr\u00f3 [&hellip;]<\/p>\n","protected":false},"author":1,"featured_media":513,"comment_status":"open","ping_status":"open","sticky":false,"template":"","format":"standard","meta":{"footnotes":""},"categories":[1],"tags":[],"class_list":["post-510","post","type-post","status-publish","format-standard","has-post-thumbnail","hentry","category-sin-categoria"],"yoast_head":"<!-- This site is optimized with the Yoast SEO plugin v25.1 - https:\/\/yoast.com\/wordpress\/plugins\/seo\/ -->\n<title>Senderos con Sentido: Una Convivencia para Crecer Juntos -<\/title>\n<meta name=\"description\" content=\"J\u00f3venes del Programa de Liderazgo Juvenil vivieron una convivencia juvenil con prop\u00f3sito en \u201cSenderos con Sentido\u201d, una jornada de reflexi\u00f3n y conexi\u00f3n organizada por la Fundaci\u00f3n Ciudadelas de Libertad.\" \/>\n<meta name=\"robots\" content=\"index, follow, max-snippet:-1, max-image-preview:large, max-video-preview:-1\" \/>\n<link rel=\"canonical\" href=\"https:\/\/www.fclibertad.org\/blog\/convivencia-plj-2025-senderos-con-sentido\/\" \/>\n<meta property=\"og:locale\" content=\"es_ES\" \/>\n<meta property=\"og:type\" content=\"article\" \/>\n<meta property=\"og:title\" content=\"Senderos con Sentido: Una Convivencia para Crecer Juntos -\" \/>\n<meta property=\"og:description\" content=\"J\u00f3venes del Programa de Liderazgo Juvenil vivieron una convivencia juvenil con prop\u00f3sito en \u201cSenderos con Sentido\u201d, una jornada de reflexi\u00f3n y conexi\u00f3n organizada por la Fundaci\u00f3n Ciudadelas de Libertad.\" \/>\n<meta property=\"og:url\" content=\"https:\/\/www.fclibertad.org\/blog\/convivencia-plj-2025-senderos-con-sentido\/\" \/>\n<meta property=\"article:published_time\" content=\"2025-05-10T00:02:54+00:00\" \/>\n<meta property=\"article:modified_time\" content=\"2025-05-10T00:18:45+00:00\" \/>\n<meta property=\"og:image\" content=\"https:\/\/www.fclibertad.org\/blog\/wp-content\/uploads\/2025\/05\/DSC_0155-scaled.jpg\" \/>\n\t<meta property=\"og:image:width\" content=\"2560\" \/>\n\t<meta property=\"og:image:height\" content=\"1707\" \/>\n\t<meta property=\"og:image:type\" content=\"image\/jpeg\" \/>\n<meta name=\"author\" content=\"blogadmin\" \/>\n<meta name=\"twitter:card\" content=\"summary_large_image\" \/>\n<meta name=\"twitter:label1\" content=\"Written by\" \/>\n\t<meta name=\"twitter:data1\" content=\"blogadmin\" \/>\n\t<meta name=\"twitter:label2\" content=\"Est. reading time\" \/>\n\t<meta name=\"twitter:data2\" content=\"4 minutos\" \/>\n<script type=\"application\/ld+json\" class=\"yoast-schema-graph\">{\"@context\":\"https:\/\/schema.org\",\"@graph\":[{\"@type\":\"WebPage\",\"@id\":\"https:\/\/www.fclibertad.org\/blog\/convivencia-plj-2025-senderos-con-sentido\/\",\"url\":\"https:\/\/www.fclibertad.org\/blog\/convivencia-plj-2025-senderos-con-sentido\/\",\"name\":\"Senderos con Sentido: Una Convivencia para Crecer Juntos -\",\"isPartOf\":{\"@id\":\"https:\/\/www.fclibertad.org\/blog\/#website\"},\"primaryImageOfPage\":{\"@id\":\"https:\/\/www.fclibertad.org\/blog\/convivencia-plj-2025-senderos-con-sentido\/#primaryimage\"},\"image\":{\"@id\":\"https:\/\/www.fclibertad.org\/blog\/convivencia-plj-2025-senderos-con-sentido\/#primaryimage\"},\"thumbnailUrl\":\"https:\/\/www.fclibertad.org\/blog\/wp-content\/uploads\/2025\/05\/DSC_0155-scaled.jpg\",\"datePublished\":\"2025-05-10T00:02:54+00:00\",\"dateModified\":\"2025-05-10T00:18:45+00:00\",\"author\":{\"@id\":\"https:\/\/www.fclibertad.org\/blog\/#\/schema\/person\/e1321423cc1df7a2094c4ee5ebc7e341\"},\"description\":\"J\u00f3venes del Programa de Liderazgo Juvenil vivieron una convivencia juvenil con prop\u00f3sito en \u201cSenderos con Sentido\u201d, una jornada de reflexi\u00f3n y conexi\u00f3n organizada por la Fundaci\u00f3n Ciudadelas de Libertad.\",\"breadcrumb\":{\"@id\":\"https:\/\/www.fclibertad.org\/blog\/convivencia-plj-2025-senderos-con-sentido\/#breadcrumb\"},\"inLanguage\":\"es-CR\",\"potentialAction\":[{\"@type\":\"ReadAction\",\"target\":[\"https:\/\/www.fclibertad.org\/blog\/convivencia-plj-2025-senderos-con-sentido\/\"]}]},{\"@type\":\"ImageObject\",\"inLanguage\":\"es-CR\",\"@id\":\"https:\/\/www.fclibertad.org\/blog\/convivencia-plj-2025-senderos-con-sentido\/#primaryimage\",\"url\":\"https:\/\/www.fclibertad.org\/blog\/wp-content\/uploads\/2025\/05\/DSC_0155-scaled.jpg\",\"contentUrl\":\"https:\/\/www.fclibertad.org\/blog\/wp-content\/uploads\/2025\/05\/DSC_0155-scaled.jpg\",\"width\":2560,\"height\":1707},{\"@type\":\"BreadcrumbList\",\"@id\":\"https:\/\/www.fclibertad.org\/blog\/convivencia-plj-2025-senderos-con-sentido\/#breadcrumb\",\"itemListElement\":[{\"@type\":\"ListItem\",\"position\":1,\"name\":\"Portada\",\"item\":\"https:\/\/www.fclibertad.org\/blog\/\"},{\"@type\":\"ListItem\",\"position\":2,\"name\":\"Senderos con Sentido: Una Convivencia para Crecer Juntos\"}]},{\"@type\":\"WebSite\",\"@id\":\"https:\/\/www.fclibertad.org\/blog\/#website\",\"url\":\"https:\/\/www.fclibertad.org\/blog\/\",\"name\":\"\",\"description\":\"Un blog de la Fundaci\u00f3n Ciudadelas de Libertad\",\"potentialAction\":[{\"@type\":\"SearchAction\",\"target\":{\"@type\":\"EntryPoint\",\"urlTemplate\":\"https:\/\/www.fclibertad.org\/blog\/?s={search_term_string}\"},\"query-input\":{\"@type\":\"PropertyValueSpecification\",\"valueRequired\":true,\"valueName\":\"search_term_string\"}}],\"inLanguage\":\"es-CR\"},{\"@type\":\"Person\",\"@id\":\"https:\/\/www.fclibertad.org\/blog\/#\/schema\/person\/e1321423cc1df7a2094c4ee5ebc7e341\",\"name\":\"blogadmin\",\"image\":{\"@type\":\"ImageObject\",\"inLanguage\":\"es-CR\",\"@id\":\"https:\/\/www.fclibertad.org\/blog\/#\/schema\/person\/image\/\",\"url\":\"https:\/\/secure.gravatar.com\/avatar\/65e574b4dd1288f00ef732a7eb164f0ccbd445cf372db8a635d03d8b14029c0b?s=96&d=mm&r=g\",\"contentUrl\":\"https:\/\/secure.gravatar.com\/avatar\/65e574b4dd1288f00ef732a7eb164f0ccbd445cf372db8a635d03d8b14029c0b?s=96&d=mm&r=g\",\"caption\":\"blogadmin\"},\"sameAs\":[\"https:\/\/www.fclibertad.org\/blog\"],\"url\":\"https:\/\/www.fclibertad.org\/blog\/author\/blogadmin\/\"}]}<\/script>\n<!-- \/ Yoast SEO plugin. -->","yoast_head_json":{"title":"Senderos con Sentido: Una Convivencia para Crecer Juntos -","description":"J\u00f3venes del Programa de Liderazgo Juvenil vivieron una convivencia juvenil con prop\u00f3sito en \u201cSenderos con Sentido\u201d, una jornada de reflexi\u00f3n y conexi\u00f3n organizada por la Fundaci\u00f3n Ciudadelas de Libertad.","robots":{"index":"index","follow":"follow","max-snippet":"max-snippet:-1","max-image-preview":"max-image-preview:large","max-video-preview":"max-video-preview:-1"},"canonical":"https:\/\/www.fclibertad.org\/blog\/convivencia-plj-2025-senderos-con-sentido\/","og_locale":"es_ES","og_type":"article","og_title":"Senderos con Sentido: Una Convivencia para Crecer Juntos -","og_description":"J\u00f3venes del Programa de Liderazgo Juvenil vivieron una convivencia juvenil con prop\u00f3sito en \u201cSenderos con Sentido\u201d, una jornada de reflexi\u00f3n y conexi\u00f3n organizada por la Fundaci\u00f3n Ciudadelas de Libertad.","og_url":"https:\/\/www.fclibertad.org\/blog\/convivencia-plj-2025-senderos-con-sentido\/","article_published_time":"2025-05-10T00:02:54+00:00","article_modified_time":"2025-05-10T00:18:45+00:00","og_image":[{"width":2560,"height":1707,"url":"https:\/\/www.fclibertad.org\/blog\/wp-content\/uploads\/2025\/05\/DSC_0155-scaled.jpg","type":"image\/jpeg"}],"author":"blogadmin","twitter_card":"summary_large_image","twitter_misc":{"Written by":"blogadmin","Est. reading time":"4 minutos"},"schema":{"@context":"https:\/\/schema.org","@graph":[{"@type":"WebPage","@id":"https:\/\/www.fclibertad.org\/blog\/convivencia-plj-2025-senderos-con-sentido\/","url":"https:\/\/www.fclibertad.org\/blog\/convivencia-plj-2025-senderos-con-sentido\/","name":"Senderos con Sentido: Una Convivencia para Crecer Juntos -","isPartOf":{"@id":"https:\/\/www.fclibertad.org\/blog\/#website"},"primaryImageOfPage":{"@id":"https:\/\/www.fclibertad.org\/blog\/convivencia-plj-2025-senderos-con-sentido\/#primaryimage"},"image":{"@id":"https:\/\/www.fclibertad.org\/blog\/convivencia-plj-2025-senderos-con-sentido\/#primaryimage"},"thumbnailUrl":"https:\/\/www.fclibertad.org\/blog\/wp-content\/uploads\/2025\/05\/DSC_0155-scaled.jpg","datePublished":"2025-05-10T00:02:54+00:00","dateModified":"2025-05-10T00:18:45+00:00","author":{"@id":"https:\/\/www.fclibertad.org\/blog\/#\/schema\/person\/e1321423cc1df7a2094c4ee5ebc7e341"},"description":"J\u00f3venes del Programa de Liderazgo Juvenil vivieron una convivencia juvenil con prop\u00f3sito en \u201cSenderos con Sentido\u201d, una jornada de reflexi\u00f3n y conexi\u00f3n organizada por la Fundaci\u00f3n Ciudadelas de Libertad.","breadcrumb":{"@id":"https:\/\/www.fclibertad.org\/blog\/convivencia-plj-2025-senderos-con-sentido\/#breadcrumb"},"inLanguage":"es-CR","potentialAction":[{"@type":"ReadAction","target":["https:\/\/www.fclibertad.org\/blog\/convivencia-plj-2025-senderos-con-sentido\/"]}]},{"@type":"ImageObject","inLanguage":"es-CR","@id":"https:\/\/www.fclibertad.org\/blog\/convivencia-plj-2025-senderos-con-sentido\/#primaryimage","url":"https:\/\/www.fclibertad.org\/blog\/wp-content\/uploads\/2025\/05\/DSC_0155-scaled.jpg","contentUrl":"https:\/\/www.fclibertad.org\/blog\/wp-content\/uploads\/2025\/05\/DSC_0155-scaled.jpg","width":2560,"height":1707},{"@type":"BreadcrumbList","@id":"https:\/\/www.fclibertad.org\/blog\/convivencia-plj-2025-senderos-con-sentido\/#breadcrumb","itemListElement":[{"@type":"ListItem","position":1,"name":"Portada","item":"https:\/\/www.fclibertad.org\/blog\/"},{"@type":"ListItem","position":2,"name":"Senderos con Sentido: Una Convivencia para Crecer Juntos"}]},{"@type":"WebSite","@id":"https:\/\/www.fclibertad.org\/blog\/#website","url":"https:\/\/www.fclibertad.org\/blog\/","name":"","description":"Un blog de la Fundaci\u00f3n Ciudadelas de Libertad","potentialAction":[{"@type":"SearchAction","target":{"@type":"EntryPoint","urlTemplate":"https:\/\/www.fclibertad.org\/blog\/?s={search_term_string}"},"query-input":{"@type":"PropertyValueSpecification","valueRequired":true,"valueName":"search_term_string"}}],"inLanguage":"es-CR"},{"@type":"Person","@id":"https:\/\/www.fclibertad.org\/blog\/#\/schema\/person\/e1321423cc1df7a2094c4ee5ebc7e341","name":"blogadmin","image":{"@type":"ImageObject","inLanguage":"es-CR","@id":"https:\/\/www.fclibertad.org\/blog\/#\/schema\/person\/image\/","url":"https:\/\/secure.gravatar.com\/avatar\/65e574b4dd1288f00ef732a7eb164f0ccbd445cf372db8a635d03d8b14029c0b?s=96&d=mm&r=g","contentUrl":"https:\/\/secure.gravatar.com\/avatar\/65e574b4dd1288f00ef732a7eb164f0ccbd445cf372db8a635d03d8b14029c0b?s=96&d=mm&r=g","caption":"blogadmin"},"sameAs":["https:\/\/www.fclibertad.org\/blog"],"url":"https:\/\/www.fclibertad.org\/blog\/author\/blogadmin\/"}]}},"_links":{"self":[{"href":"https:\/\/www.fclibertad.org\/blog\/wp-json\/wp\/v2\/posts\/510","targetHints":{"allow":["GET"]}}],"collection":[{"href":"https:\/\/www.fclibertad.org\/blog\/wp-json\/wp\/v2\/posts"}],"about":[{"href":"https:\/\/www.fclibertad.org\/blog\/wp-json\/wp\/v2\/types\/post"}],"author":[{"embeddable":true,"href":"https:\/\/www.fclibertad.org\/blog\/wp-json\/wp\/v2\/users\/1"}],"replies":[{"embeddable":true,"href":"https:\/\/www.fclibertad.org\/blog\/wp-json\/wp\/v2\/comments?post=510"}],"version-history":[{"count":2,"href":"https:\/\/www.fclibertad.org\/blog\/wp-json\/wp\/v2\/posts\/510\/revisions"}],"predecessor-version":[{"id":588,"href":"https:\/\/www.fclibertad.org\/blog\/wp-json\/wp\/v2\/posts\/510\/revisions\/588"}],"wp:featuredmedia":[{"embeddable":true,"href":"https:\/\/www.fclibertad.org\/blog\/wp-json\/wp\/v2\/media\/513"}],"wp:attachment":[{"href":"https:\/\/www.fclibertad.org\/blog\/wp-json\/wp\/v2\/media?parent=510"}],"wp:term":[{"taxonomy":"category","embeddable":true,"href":"https:\/\/www.fclibertad.org\/blog\/wp-json\/wp\/v2\/categories?post=510"},{"taxonomy":"post_tag","embeddable":true,"href":"https:\/\/www.fclibertad.org\/blog\/wp-json\/wp\/v2\/tags?post=510"}],"curies":[{"name":"wp","href":"https:\/\/api.w.org\/{rel}","templated":true}]}}