{"id":493,"date":"2025-03-18T11:52:36","date_gmt":"2025-03-18T17:52:36","guid":{"rendered":"https:\/\/www.fclibertad.org\/blog\/?p=493"},"modified":"2025-03-18T13:09:14","modified_gmt":"2025-03-18T19:09:14","slug":"primera-formacion-mensual-liderazgo-juvenil-fundacion-ciudadelas-libertad-marzo-2025","status":"publish","type":"post","link":"https:\/\/www.fclibertad.org\/blog\/primera-formacion-mensual-liderazgo-juvenil-fundacion-ciudadelas-libertad-marzo-2025\/","title":{"rendered":"Fundaci\u00f3n Ciudadelas de Libertad inicia el 2025 con su primera formaci\u00f3n mensual del Programa de Liderazgo Juvenil"},"content":{"rendered":"\n<p>El pasado&nbsp;<strong>s\u00e1bado 15 de marzo<\/strong>, la&nbsp;<strong>Fundaci\u00f3n Ciudadelas de Libertad<\/strong>&nbsp;celebr\u00f3 su&nbsp;<strong>primera formaci\u00f3n mensual del 2025<\/strong>&nbsp;en el&nbsp;<strong>Teatro La Villa<\/strong>. Este encuentro, lleno de energ\u00eda y creatividad, reuni\u00f3 a j\u00f3venes del programa de liderazgo juvenil para fortalecer sus habilidades, valores y proyectos de vida.<\/p>\n\n\n\n<h4 class=\"wp-block-heading\"><strong>Un espacio para crecer juntos<\/strong><\/h4>\n\n\n\n<p>El&nbsp;<strong>director ejecutivo, Luis C\u00e9sar Monge<\/strong>, explic\u00f3 que estas formaciones son un&nbsp;<strong>punto de encuentro<\/strong>&nbsp;para integrar a los j\u00f3venes, motivar su liderazgo y trabajar en equipo.<\/p>\n\n\n\n<figure class=\"wp-block-image size-large\"><img loading=\"lazy\" decoding=\"async\" width=\"1024\" height=\"683\" src=\"https:\/\/www.fclibertad.org\/blog\/wp-content\/uploads\/2025\/03\/Foto-grupal-Tamara-Camila-Eyngel-Carlos-Yahel-Karla-y-Jeaustin-1024x683.jpg\" alt=\"\" class=\"wp-image-494\" srcset=\"https:\/\/www.fclibertad.org\/blog\/wp-content\/uploads\/2025\/03\/Foto-grupal-Tamara-Camila-Eyngel-Carlos-Yahel-Karla-y-Jeaustin-1024x683.jpg 1024w, https:\/\/www.fclibertad.org\/blog\/wp-content\/uploads\/2025\/03\/Foto-grupal-Tamara-Camila-Eyngel-Carlos-Yahel-Karla-y-Jeaustin-300x200.jpg 300w, https:\/\/www.fclibertad.org\/blog\/wp-content\/uploads\/2025\/03\/Foto-grupal-Tamara-Camila-Eyngel-Carlos-Yahel-Karla-y-Jeaustin-768x512.jpg 768w, https:\/\/www.fclibertad.org\/blog\/wp-content\/uploads\/2025\/03\/Foto-grupal-Tamara-Camila-Eyngel-Carlos-Yahel-Karla-y-Jeaustin-1536x1024.jpg 1536w, https:\/\/www.fclibertad.org\/blog\/wp-content\/uploads\/2025\/03\/Foto-grupal-Tamara-Camila-Eyngel-Carlos-Yahel-Karla-y-Jeaustin-2048x1365.jpg 2048w\" sizes=\"auto, (max-width: 1024px) 100vw, 1024px\" \/><\/figure>\n\n\n\n<p><em>\u201cAqu\u00ed todos somos iguales, todos nos sentimos motivados y unidos por un solo objetivo: seguir creciendo y perseverando\u201d<\/em>, destac\u00f3 Monge, quien tambi\u00e9n fue beneficiario del programa.<\/p>\n\n\n\n<h4 class=\"wp-block-heading\"><strong>Aprendizaje a trav\u00e9s de la creatividad<\/strong><\/h4>\n\n\n\n<p>Los j\u00f3venes participaron en din\u00e1micas l\u00fadicas, como la creaci\u00f3n de&nbsp;<strong>historietas, canciones y murales<\/strong>, para comprender las pol\u00edticas y reglamentos de la Fundaci\u00f3n de manera divertida y participativa.<\/p>\n\n\n\n<p><em>\u201cEs muy divertido porque no solo nos sentamos a escuchar, sino que nos movemos, creamos y compartimos ideas\u201d<\/em>, coment\u00f3&nbsp;<strong>Karolay<\/strong>, una de las participantes.<\/p>\n\n\n\n<figure class=\"wp-block-gallery has-nested-images columns-default is-cropped wp-block-gallery-1 is-layout-flex wp-block-gallery-is-layout-flex\">\n<figure class=\"wp-block-image size-large\"><img loading=\"lazy\" decoding=\"async\" width=\"1024\" height=\"683\" data-id=\"501\" src=\"https:\/\/www.fclibertad.org\/blog\/wp-content\/uploads\/2025\/03\/Cartel-Normas-de-Permanencia-Formacion-Mensual-2025-1024x683.jpg\" alt=\"\" class=\"wp-image-501\" srcset=\"https:\/\/www.fclibertad.org\/blog\/wp-content\/uploads\/2025\/03\/Cartel-Normas-de-Permanencia-Formacion-Mensual-2025-1024x683.jpg 1024w, https:\/\/www.fclibertad.org\/blog\/wp-content\/uploads\/2025\/03\/Cartel-Normas-de-Permanencia-Formacion-Mensual-2025-300x200.jpg 300w, https:\/\/www.fclibertad.org\/blog\/wp-content\/uploads\/2025\/03\/Cartel-Normas-de-Permanencia-Formacion-Mensual-2025-768x512.jpg 768w, https:\/\/www.fclibertad.org\/blog\/wp-content\/uploads\/2025\/03\/Cartel-Normas-de-Permanencia-Formacion-Mensual-2025-1536x1024.jpg 1536w, https:\/\/www.fclibertad.org\/blog\/wp-content\/uploads\/2025\/03\/Cartel-Normas-de-Permanencia-Formacion-Mensual-2025-2048x1365.jpg 2048w\" sizes=\"auto, (max-width: 1024px) 100vw, 1024px\" \/><\/figure>\n\n\n\n<figure class=\"wp-block-image size-large\"><img loading=\"lazy\" decoding=\"async\" width=\"1024\" height=\"683\" data-id=\"496\" src=\"https:\/\/www.fclibertad.org\/blog\/wp-content\/uploads\/2025\/03\/Hailyn-Baltodano-y-Genesis-Alonzo-exponiendo-1024x683.jpg\" alt=\"\" class=\"wp-image-496\" srcset=\"https:\/\/www.fclibertad.org\/blog\/wp-content\/uploads\/2025\/03\/Hailyn-Baltodano-y-Genesis-Alonzo-exponiendo-1024x683.jpg 1024w, https:\/\/www.fclibertad.org\/blog\/wp-content\/uploads\/2025\/03\/Hailyn-Baltodano-y-Genesis-Alonzo-exponiendo-300x200.jpg 300w, https:\/\/www.fclibertad.org\/blog\/wp-content\/uploads\/2025\/03\/Hailyn-Baltodano-y-Genesis-Alonzo-exponiendo-768x512.jpg 768w, https:\/\/www.fclibertad.org\/blog\/wp-content\/uploads\/2025\/03\/Hailyn-Baltodano-y-Genesis-Alonzo-exponiendo-1536x1024.jpg 1536w, https:\/\/www.fclibertad.org\/blog\/wp-content\/uploads\/2025\/03\/Hailyn-Baltodano-y-Genesis-Alonzo-exponiendo-2048x1365.jpg 2048w\" sizes=\"auto, (max-width: 1024px) 100vw, 1024px\" \/><\/figure>\n\n\n\n<figure class=\"wp-block-image size-large\"><img loading=\"lazy\" decoding=\"async\" width=\"1024\" height=\"683\" data-id=\"500\" src=\"https:\/\/www.fclibertad.org\/blog\/wp-content\/uploads\/2025\/03\/Jovenes-trabajando-grupalmente-Natasha-Orozco-1024x683.jpg\" alt=\"\" class=\"wp-image-500\" srcset=\"https:\/\/www.fclibertad.org\/blog\/wp-content\/uploads\/2025\/03\/Jovenes-trabajando-grupalmente-Natasha-Orozco-1024x683.jpg 1024w, https:\/\/www.fclibertad.org\/blog\/wp-content\/uploads\/2025\/03\/Jovenes-trabajando-grupalmente-Natasha-Orozco-300x200.jpg 300w, https:\/\/www.fclibertad.org\/blog\/wp-content\/uploads\/2025\/03\/Jovenes-trabajando-grupalmente-Natasha-Orozco-768x512.jpg 768w, https:\/\/www.fclibertad.org\/blog\/wp-content\/uploads\/2025\/03\/Jovenes-trabajando-grupalmente-Natasha-Orozco-1536x1024.jpg 1536w, https:\/\/www.fclibertad.org\/blog\/wp-content\/uploads\/2025\/03\/Jovenes-trabajando-grupalmente-Natasha-Orozco-2048x1365.jpg 2048w\" sizes=\"auto, (max-width: 1024px) 100vw, 1024px\" \/><\/figure>\n\n\n\n<figure class=\"wp-block-image size-large\"><img loading=\"lazy\" decoding=\"async\" width=\"1024\" height=\"683\" data-id=\"498\" src=\"https:\/\/www.fclibertad.org\/blog\/wp-content\/uploads\/2025\/03\/Jovenes-trabajando-grupalmente-1024x683.jpg\" alt=\"\" class=\"wp-image-498\" srcset=\"https:\/\/www.fclibertad.org\/blog\/wp-content\/uploads\/2025\/03\/Jovenes-trabajando-grupalmente-1024x683.jpg 1024w, https:\/\/www.fclibertad.org\/blog\/wp-content\/uploads\/2025\/03\/Jovenes-trabajando-grupalmente-300x200.jpg 300w, https:\/\/www.fclibertad.org\/blog\/wp-content\/uploads\/2025\/03\/Jovenes-trabajando-grupalmente-768x512.jpg 768w, https:\/\/www.fclibertad.org\/blog\/wp-content\/uploads\/2025\/03\/Jovenes-trabajando-grupalmente-1536x1024.jpg 1536w, https:\/\/www.fclibertad.org\/blog\/wp-content\/uploads\/2025\/03\/Jovenes-trabajando-grupalmente-2048x1365.jpg 2048w\" sizes=\"auto, (max-width: 1024px) 100vw, 1024px\" \/><\/figure>\n\n\n\n<figure class=\"wp-block-image size-large\"><img loading=\"lazy\" decoding=\"async\" width=\"1024\" height=\"683\" data-id=\"497\" src=\"https:\/\/www.fclibertad.org\/blog\/wp-content\/uploads\/2025\/03\/Revista-Libertad-Daniela-Paniagua-Formacion-Marzo-2025-1024x683.jpg\" alt=\"\" class=\"wp-image-497\" srcset=\"https:\/\/www.fclibertad.org\/blog\/wp-content\/uploads\/2025\/03\/Revista-Libertad-Daniela-Paniagua-Formacion-Marzo-2025-1024x683.jpg 1024w, https:\/\/www.fclibertad.org\/blog\/wp-content\/uploads\/2025\/03\/Revista-Libertad-Daniela-Paniagua-Formacion-Marzo-2025-300x200.jpg 300w, https:\/\/www.fclibertad.org\/blog\/wp-content\/uploads\/2025\/03\/Revista-Libertad-Daniela-Paniagua-Formacion-Marzo-2025-768x512.jpg 768w, https:\/\/www.fclibertad.org\/blog\/wp-content\/uploads\/2025\/03\/Revista-Libertad-Daniela-Paniagua-Formacion-Marzo-2025-1536x1024.jpg 1536w, https:\/\/www.fclibertad.org\/blog\/wp-content\/uploads\/2025\/03\/Revista-Libertad-Daniela-Paniagua-Formacion-Marzo-2025-2048x1365.jpg 2048w\" sizes=\"auto, (max-width: 1024px) 100vw, 1024px\" \/><\/figure>\n\n\n\n<figure class=\"wp-block-image size-large\"><img loading=\"lazy\" decoding=\"async\" width=\"1024\" height=\"683\" data-id=\"499\" src=\"https:\/\/www.fclibertad.org\/blog\/wp-content\/uploads\/2025\/03\/Revista-Libertad-formacion-marzo-2025-1024x683.jpg\" alt=\"\" class=\"wp-image-499\" srcset=\"https:\/\/www.fclibertad.org\/blog\/wp-content\/uploads\/2025\/03\/Revista-Libertad-formacion-marzo-2025-1024x683.jpg 1024w, https:\/\/www.fclibertad.org\/blog\/wp-content\/uploads\/2025\/03\/Revista-Libertad-formacion-marzo-2025-300x200.jpg 300w, https:\/\/www.fclibertad.org\/blog\/wp-content\/uploads\/2025\/03\/Revista-Libertad-formacion-marzo-2025-768x512.jpg 768w, https:\/\/www.fclibertad.org\/blog\/wp-content\/uploads\/2025\/03\/Revista-Libertad-formacion-marzo-2025-1536x1024.jpg 1536w, https:\/\/www.fclibertad.org\/blog\/wp-content\/uploads\/2025\/03\/Revista-Libertad-formacion-marzo-2025-2048x1365.jpg 2048w\" sizes=\"auto, (max-width: 1024px) 100vw, 1024px\" \/><\/figure>\n<\/figure>\n\n\n\n<h4 class=\"wp-block-heading\"><strong>Compromiso con el futuro<\/strong><\/h4>\n\n\n\n<p><strong>Karen Garro<\/strong>, coordinadora del programa, explic\u00f3 que el objetivo de esta formaci\u00f3n fue brindar claridad sobre los\u00a0<strong>lineamientos<\/strong> que conlleva estar en el Programa de Liderazgo Juvenil de la Fundaci\u00f3n \u00a0y adem\u00e1s, motivar a los j\u00f3venes a participar en futuras actividades.<\/p>\n\n\n\n<figure class=\"wp-block-image size-large\"><img loading=\"lazy\" decoding=\"async\" width=\"1024\" height=\"683\" src=\"https:\/\/www.fclibertad.org\/blog\/wp-content\/uploads\/2025\/03\/Karen-Garro-coordinadora-del-PLJ-1024x683.jpg\" alt=\"\" class=\"wp-image-502\" srcset=\"https:\/\/www.fclibertad.org\/blog\/wp-content\/uploads\/2025\/03\/Karen-Garro-coordinadora-del-PLJ-1024x683.jpg 1024w, https:\/\/www.fclibertad.org\/blog\/wp-content\/uploads\/2025\/03\/Karen-Garro-coordinadora-del-PLJ-300x200.jpg 300w, https:\/\/www.fclibertad.org\/blog\/wp-content\/uploads\/2025\/03\/Karen-Garro-coordinadora-del-PLJ-768x512.jpg 768w, https:\/\/www.fclibertad.org\/blog\/wp-content\/uploads\/2025\/03\/Karen-Garro-coordinadora-del-PLJ-1536x1024.jpg 1536w, https:\/\/www.fclibertad.org\/blog\/wp-content\/uploads\/2025\/03\/Karen-Garro-coordinadora-del-PLJ-2048x1365.jpg 2048w\" sizes=\"auto, (max-width: 1024px) 100vw, 1024px\" \/><\/figure>\n\n\n\n<p><em>\u201cEsperamos lo mejor de ellos, porque as\u00ed como nosotros damos lo mejor, confiamos en que ellos tambi\u00e9n lo har\u00e1n\u201d<\/em>, afirm\u00f3 Karen.<\/p>\n\n\n\n<h4 class=\"wp-block-heading\"><strong>Seguimos trabajando por la juventud<\/strong><\/h4>\n\n\n\n<p>Con esta primera formaci\u00f3n, la Fundaci\u00f3n Ciudadelas de Libertad reafirma su compromiso de empoderar a los j\u00f3venes de Desamparados, brind\u00e1ndoles herramientas para convertirse en&nbsp;<strong>agentes de cambio<\/strong>&nbsp;en sus comunidades.<\/p>\n\n\n\n<p>Ac\u00e1, podr\u00e1s ver el video de la transmisi\u00f3n en vivo que hicimos durante la formaci\u00f3n mensual.<\/p>\n\n\n\n<figure class=\"wp-block-video\"><video controls src=\"https:\/\/www.fclibertad.org\/blog\/wp-content\/uploads\/2025\/03\/AQMxElE4wmCbswhW3AUPTxkClgPROXkimsMU8BTsz5ixdaBhHdR1h0iEr2E8-RKkiI7qLPvLxd4e2vXVsm8KbA1LU0iLsmuApzHsJEdq-umssNExKg.mp4\"><\/video><\/figure>\n","protected":false},"excerpt":{"rendered":"<p>El pasado&nbsp;s\u00e1bado 15 de marzo, la&nbsp;Fundaci\u00f3n Ciudadelas de Libertad&nbsp;celebr\u00f3 su&nbsp;primera formaci\u00f3n mensual del 2025&nbsp;en el&nbsp;Teatro La Villa. Este encuentro, lleno de energ\u00eda y creatividad, reuni\u00f3 a j\u00f3venes del programa de liderazgo juvenil para fortalecer sus habilidades, valores y proyectos de vida. Un espacio para crecer juntos El&nbsp;director ejecutivo, Luis C\u00e9sar Monge, explic\u00f3 que estas formaciones [&hellip;]<\/p>\n","protected":false},"author":1,"featured_media":495,"comment_status":"open","ping_status":"open","sticky":false,"template":"","format":"standard","meta":{"footnotes":""},"categories":[1],"tags":[],"class_list":["post-493","post","type-post","status-publish","format-standard","has-post-thumbnail","hentry","category-sin-categoria"],"yoast_head":"<!-- This site is optimized with the Yoast SEO plugin v25.1 - https:\/\/yoast.com\/wordpress\/plugins\/seo\/ -->\n<title>Fundaci\u00f3n Ciudadelas de Libertad inicia el 2025 con su primera formaci\u00f3n mensual del Programa de Liderazgo Juvenil -<\/title>\n<meta name=\"description\" content=\"El pasado 15 de marzo, la Fundaci\u00f3n Ciudadelas de Libertad celebr\u00f3 su primera formaci\u00f3n mensual del 2025, un espacio de integraci\u00f3n y aprendizaje para j\u00f3venes l\u00edderes de Desamparados.\" \/>\n<meta name=\"robots\" content=\"index, follow, max-snippet:-1, max-image-preview:large, max-video-preview:-1\" \/>\n<link rel=\"canonical\" href=\"https:\/\/www.fclibertad.org\/blog\/primera-formacion-mensual-liderazgo-juvenil-fundacion-ciudadelas-libertad-marzo-2025\/\" \/>\n<meta property=\"og:locale\" content=\"es_ES\" \/>\n<meta property=\"og:type\" content=\"article\" \/>\n<meta property=\"og:title\" content=\"Fundaci\u00f3n Ciudadelas de Libertad inicia el 2025 con su primera formaci\u00f3n mensual del Programa de Liderazgo Juvenil -\" \/>\n<meta property=\"og:description\" content=\"El pasado 15 de marzo, la Fundaci\u00f3n Ciudadelas de Libertad celebr\u00f3 su primera formaci\u00f3n mensual del 2025, un espacio de integraci\u00f3n y aprendizaje para j\u00f3venes l\u00edderes de Desamparados.\" \/>\n<meta property=\"og:url\" content=\"https:\/\/www.fclibertad.org\/blog\/primera-formacion-mensual-liderazgo-juvenil-fundacion-ciudadelas-libertad-marzo-2025\/\" \/>\n<meta property=\"article:published_time\" content=\"2025-03-18T17:52:36+00:00\" \/>\n<meta property=\"article:modified_time\" content=\"2025-03-18T19:09:14+00:00\" \/>\n<meta property=\"og:image\" content=\"https:\/\/www.fclibertad.org\/blog\/wp-content\/uploads\/2025\/03\/Jovenes-en-formacion-mensual-scaled.jpg\" \/>\n\t<meta property=\"og:image:width\" content=\"2560\" \/>\n\t<meta property=\"og:image:height\" content=\"1707\" \/>\n\t<meta property=\"og:image:type\" content=\"image\/jpeg\" \/>\n<meta name=\"author\" content=\"blogadmin\" \/>\n<meta name=\"twitter:card\" content=\"summary_large_image\" \/>\n<meta name=\"twitter:label1\" content=\"Written by\" \/>\n\t<meta name=\"twitter:data1\" content=\"blogadmin\" \/>\n\t<meta name=\"twitter:label2\" content=\"Est. reading time\" \/>\n\t<meta name=\"twitter:data2\" content=\"4 minutos\" \/>\n<script type=\"application\/ld+json\" class=\"yoast-schema-graph\">{\"@context\":\"https:\/\/schema.org\",\"@graph\":[{\"@type\":\"WebPage\",\"@id\":\"https:\/\/www.fclibertad.org\/blog\/primera-formacion-mensual-liderazgo-juvenil-fundacion-ciudadelas-libertad-marzo-2025\/\",\"url\":\"https:\/\/www.fclibertad.org\/blog\/primera-formacion-mensual-liderazgo-juvenil-fundacion-ciudadelas-libertad-marzo-2025\/\",\"name\":\"Fundaci\u00f3n Ciudadelas de Libertad inicia el 2025 con su primera formaci\u00f3n mensual del Programa de Liderazgo Juvenil -\",\"isPartOf\":{\"@id\":\"https:\/\/www.fclibertad.org\/blog\/#website\"},\"primaryImageOfPage\":{\"@id\":\"https:\/\/www.fclibertad.org\/blog\/primera-formacion-mensual-liderazgo-juvenil-fundacion-ciudadelas-libertad-marzo-2025\/#primaryimage\"},\"image\":{\"@id\":\"https:\/\/www.fclibertad.org\/blog\/primera-formacion-mensual-liderazgo-juvenil-fundacion-ciudadelas-libertad-marzo-2025\/#primaryimage\"},\"thumbnailUrl\":\"https:\/\/www.fclibertad.org\/blog\/wp-content\/uploads\/2025\/03\/Jovenes-en-formacion-mensual-scaled.jpg\",\"datePublished\":\"2025-03-18T17:52:36+00:00\",\"dateModified\":\"2025-03-18T19:09:14+00:00\",\"author\":{\"@id\":\"https:\/\/www.fclibertad.org\/blog\/#\/schema\/person\/e1321423cc1df7a2094c4ee5ebc7e341\"},\"description\":\"El pasado 15 de marzo, la Fundaci\u00f3n Ciudadelas de Libertad celebr\u00f3 su primera formaci\u00f3n mensual del 2025, un espacio de integraci\u00f3n y aprendizaje para j\u00f3venes l\u00edderes de Desamparados.\",\"breadcrumb\":{\"@id\":\"https:\/\/www.fclibertad.org\/blog\/primera-formacion-mensual-liderazgo-juvenil-fundacion-ciudadelas-libertad-marzo-2025\/#breadcrumb\"},\"inLanguage\":\"es-CR\",\"potentialAction\":[{\"@type\":\"ReadAction\",\"target\":[\"https:\/\/www.fclibertad.org\/blog\/primera-formacion-mensual-liderazgo-juvenil-fundacion-ciudadelas-libertad-marzo-2025\/\"]}]},{\"@type\":\"ImageObject\",\"inLanguage\":\"es-CR\",\"@id\":\"https:\/\/www.fclibertad.org\/blog\/primera-formacion-mensual-liderazgo-juvenil-fundacion-ciudadelas-libertad-marzo-2025\/#primaryimage\",\"url\":\"https:\/\/www.fclibertad.org\/blog\/wp-content\/uploads\/2025\/03\/Jovenes-en-formacion-mensual-scaled.jpg\",\"contentUrl\":\"https:\/\/www.fclibertad.org\/blog\/wp-content\/uploads\/2025\/03\/Jovenes-en-formacion-mensual-scaled.jpg\",\"width\":2560,\"height\":1707},{\"@type\":\"BreadcrumbList\",\"@id\":\"https:\/\/www.fclibertad.org\/blog\/primera-formacion-mensual-liderazgo-juvenil-fundacion-ciudadelas-libertad-marzo-2025\/#breadcrumb\",\"itemListElement\":[{\"@type\":\"ListItem\",\"position\":1,\"name\":\"Portada\",\"item\":\"https:\/\/www.fclibertad.org\/blog\/\"},{\"@type\":\"ListItem\",\"position\":2,\"name\":\"Fundaci\u00f3n Ciudadelas de Libertad inicia el 2025 con su primera formaci\u00f3n mensual del Programa de Liderazgo Juvenil\"}]},{\"@type\":\"WebSite\",\"@id\":\"https:\/\/www.fclibertad.org\/blog\/#website\",\"url\":\"https:\/\/www.fclibertad.org\/blog\/\",\"name\":\"\",\"description\":\"Un blog de la Fundaci\u00f3n Ciudadelas de Libertad\",\"potentialAction\":[{\"@type\":\"SearchAction\",\"target\":{\"@type\":\"EntryPoint\",\"urlTemplate\":\"https:\/\/www.fclibertad.org\/blog\/?s={search_term_string}\"},\"query-input\":{\"@type\":\"PropertyValueSpecification\",\"valueRequired\":true,\"valueName\":\"search_term_string\"}}],\"inLanguage\":\"es-CR\"},{\"@type\":\"Person\",\"@id\":\"https:\/\/www.fclibertad.org\/blog\/#\/schema\/person\/e1321423cc1df7a2094c4ee5ebc7e341\",\"name\":\"blogadmin\",\"image\":{\"@type\":\"ImageObject\",\"inLanguage\":\"es-CR\",\"@id\":\"https:\/\/www.fclibertad.org\/blog\/#\/schema\/person\/image\/\",\"url\":\"https:\/\/secure.gravatar.com\/avatar\/65e574b4dd1288f00ef732a7eb164f0ccbd445cf372db8a635d03d8b14029c0b?s=96&d=mm&r=g\",\"contentUrl\":\"https:\/\/secure.gravatar.com\/avatar\/65e574b4dd1288f00ef732a7eb164f0ccbd445cf372db8a635d03d8b14029c0b?s=96&d=mm&r=g\",\"caption\":\"blogadmin\"},\"sameAs\":[\"https:\/\/www.fclibertad.org\/blog\"],\"url\":\"https:\/\/www.fclibertad.org\/blog\/author\/blogadmin\/\"}]}<\/script>\n<!-- \/ Yoast SEO plugin. -->","yoast_head_json":{"title":"Fundaci\u00f3n Ciudadelas de Libertad inicia el 2025 con su primera formaci\u00f3n mensual del Programa de Liderazgo Juvenil -","description":"El pasado 15 de marzo, la Fundaci\u00f3n Ciudadelas de Libertad celebr\u00f3 su primera formaci\u00f3n mensual del 2025, un espacio de integraci\u00f3n y aprendizaje para j\u00f3venes l\u00edderes de Desamparados.","robots":{"index":"index","follow":"follow","max-snippet":"max-snippet:-1","max-image-preview":"max-image-preview:large","max-video-preview":"max-video-preview:-1"},"canonical":"https:\/\/www.fclibertad.org\/blog\/primera-formacion-mensual-liderazgo-juvenil-fundacion-ciudadelas-libertad-marzo-2025\/","og_locale":"es_ES","og_type":"article","og_title":"Fundaci\u00f3n Ciudadelas de Libertad inicia el 2025 con su primera formaci\u00f3n mensual del Programa de Liderazgo Juvenil -","og_description":"El pasado 15 de marzo, la Fundaci\u00f3n Ciudadelas de Libertad celebr\u00f3 su primera formaci\u00f3n mensual del 2025, un espacio de integraci\u00f3n y aprendizaje para j\u00f3venes l\u00edderes de Desamparados.","og_url":"https:\/\/www.fclibertad.org\/blog\/primera-formacion-mensual-liderazgo-juvenil-fundacion-ciudadelas-libertad-marzo-2025\/","article_published_time":"2025-03-18T17:52:36+00:00","article_modified_time":"2025-03-18T19:09:14+00:00","og_image":[{"width":2560,"height":1707,"url":"https:\/\/www.fclibertad.org\/blog\/wp-content\/uploads\/2025\/03\/Jovenes-en-formacion-mensual-scaled.jpg","type":"image\/jpeg"}],"author":"blogadmin","twitter_card":"summary_large_image","twitter_misc":{"Written by":"blogadmin","Est. reading time":"4 minutos"},"schema":{"@context":"https:\/\/schema.org","@graph":[{"@type":"WebPage","@id":"https:\/\/www.fclibertad.org\/blog\/primera-formacion-mensual-liderazgo-juvenil-fundacion-ciudadelas-libertad-marzo-2025\/","url":"https:\/\/www.fclibertad.org\/blog\/primera-formacion-mensual-liderazgo-juvenil-fundacion-ciudadelas-libertad-marzo-2025\/","name":"Fundaci\u00f3n Ciudadelas de Libertad inicia el 2025 con su primera formaci\u00f3n mensual del Programa de Liderazgo Juvenil -","isPartOf":{"@id":"https:\/\/www.fclibertad.org\/blog\/#website"},"primaryImageOfPage":{"@id":"https:\/\/www.fclibertad.org\/blog\/primera-formacion-mensual-liderazgo-juvenil-fundacion-ciudadelas-libertad-marzo-2025\/#primaryimage"},"image":{"@id":"https:\/\/www.fclibertad.org\/blog\/primera-formacion-mensual-liderazgo-juvenil-fundacion-ciudadelas-libertad-marzo-2025\/#primaryimage"},"thumbnailUrl":"https:\/\/www.fclibertad.org\/blog\/wp-content\/uploads\/2025\/03\/Jovenes-en-formacion-mensual-scaled.jpg","datePublished":"2025-03-18T17:52:36+00:00","dateModified":"2025-03-18T19:09:14+00:00","author":{"@id":"https:\/\/www.fclibertad.org\/blog\/#\/schema\/person\/e1321423cc1df7a2094c4ee5ebc7e341"},"description":"El pasado 15 de marzo, la Fundaci\u00f3n Ciudadelas de Libertad celebr\u00f3 su primera formaci\u00f3n mensual del 2025, un espacio de integraci\u00f3n y aprendizaje para j\u00f3venes l\u00edderes de Desamparados.","breadcrumb":{"@id":"https:\/\/www.fclibertad.org\/blog\/primera-formacion-mensual-liderazgo-juvenil-fundacion-ciudadelas-libertad-marzo-2025\/#breadcrumb"},"inLanguage":"es-CR","potentialAction":[{"@type":"ReadAction","target":["https:\/\/www.fclibertad.org\/blog\/primera-formacion-mensual-liderazgo-juvenil-fundacion-ciudadelas-libertad-marzo-2025\/"]}]},{"@type":"ImageObject","inLanguage":"es-CR","@id":"https:\/\/www.fclibertad.org\/blog\/primera-formacion-mensual-liderazgo-juvenil-fundacion-ciudadelas-libertad-marzo-2025\/#primaryimage","url":"https:\/\/www.fclibertad.org\/blog\/wp-content\/uploads\/2025\/03\/Jovenes-en-formacion-mensual-scaled.jpg","contentUrl":"https:\/\/www.fclibertad.org\/blog\/wp-content\/uploads\/2025\/03\/Jovenes-en-formacion-mensual-scaled.jpg","width":2560,"height":1707},{"@type":"BreadcrumbList","@id":"https:\/\/www.fclibertad.org\/blog\/primera-formacion-mensual-liderazgo-juvenil-fundacion-ciudadelas-libertad-marzo-2025\/#breadcrumb","itemListElement":[{"@type":"ListItem","position":1,"name":"Portada","item":"https:\/\/www.fclibertad.org\/blog\/"},{"@type":"ListItem","position":2,"name":"Fundaci\u00f3n Ciudadelas de Libertad inicia el 2025 con su primera formaci\u00f3n mensual del Programa de Liderazgo Juvenil"}]},{"@type":"WebSite","@id":"https:\/\/www.fclibertad.org\/blog\/#website","url":"https:\/\/www.fclibertad.org\/blog\/","name":"","description":"Un blog de la Fundaci\u00f3n Ciudadelas de Libertad","potentialAction":[{"@type":"SearchAction","target":{"@type":"EntryPoint","urlTemplate":"https:\/\/www.fclibertad.org\/blog\/?s={search_term_string}"},"query-input":{"@type":"PropertyValueSpecification","valueRequired":true,"valueName":"search_term_string"}}],"inLanguage":"es-CR"},{"@type":"Person","@id":"https:\/\/www.fclibertad.org\/blog\/#\/schema\/person\/e1321423cc1df7a2094c4ee5ebc7e341","name":"blogadmin","image":{"@type":"ImageObject","inLanguage":"es-CR","@id":"https:\/\/www.fclibertad.org\/blog\/#\/schema\/person\/image\/","url":"https:\/\/secure.gravatar.com\/avatar\/65e574b4dd1288f00ef732a7eb164f0ccbd445cf372db8a635d03d8b14029c0b?s=96&d=mm&r=g","contentUrl":"https:\/\/secure.gravatar.com\/avatar\/65e574b4dd1288f00ef732a7eb164f0ccbd445cf372db8a635d03d8b14029c0b?s=96&d=mm&r=g","caption":"blogadmin"},"sameAs":["https:\/\/www.fclibertad.org\/blog"],"url":"https:\/\/www.fclibertad.org\/blog\/author\/blogadmin\/"}]}},"_links":{"self":[{"href":"https:\/\/www.fclibertad.org\/blog\/wp-json\/wp\/v2\/posts\/493","targetHints":{"allow":["GET"]}}],"collection":[{"href":"https:\/\/www.fclibertad.org\/blog\/wp-json\/wp\/v2\/posts"}],"about":[{"href":"https:\/\/www.fclibertad.org\/blog\/wp-json\/wp\/v2\/types\/post"}],"author":[{"embeddable":true,"href":"https:\/\/www.fclibertad.org\/blog\/wp-json\/wp\/v2\/users\/1"}],"replies":[{"embeddable":true,"href":"https:\/\/www.fclibertad.org\/blog\/wp-json\/wp\/v2\/comments?post=493"}],"version-history":[{"count":3,"href":"https:\/\/www.fclibertad.org\/blog\/wp-json\/wp\/v2\/posts\/493\/revisions"}],"predecessor-version":[{"id":508,"href":"https:\/\/www.fclibertad.org\/blog\/wp-json\/wp\/v2\/posts\/493\/revisions\/508"}],"wp:featuredmedia":[{"embeddable":true,"href":"https:\/\/www.fclibertad.org\/blog\/wp-json\/wp\/v2\/media\/495"}],"wp:attachment":[{"href":"https:\/\/www.fclibertad.org\/blog\/wp-json\/wp\/v2\/media?parent=493"}],"wp:term":[{"taxonomy":"category","embeddable":true,"href":"https:\/\/www.fclibertad.org\/blog\/wp-json\/wp\/v2\/categories?post=493"},{"taxonomy":"post_tag","embeddable":true,"href":"https:\/\/www.fclibertad.org\/blog\/wp-json\/wp\/v2\/tags?post=493"}],"curies":[{"name":"wp","href":"https:\/\/api.w.org\/{rel}","templated":true}]}}